{"id":3407,"date":"2019-08-14T06:00:58","date_gmt":"2019-08-14T04:00:58","guid":{"rendered":"http:\/\/www.centrescruznavarro.com\/?p=6261"},"modified":"2019-08-14T06:00:58","modified_gmt":"2019-08-14T04:00:58","slug":"dolor-espalda-verano","status":"publish","type":"post","link":"https:\/\/www.centrescruznavarro.com\/es\/blog\/dolor-espalda-verano\/","title":{"rendered":"Dolor de espalda: \u00bfPor qu\u00e9 es m\u00e1s frecuente en verano?"},"content":{"rendered":"<p>Llegan las vacaciones y con ellas el tiempo para poder hacer todo lo que nos gusta o al contrario, no hacer nada. Es por ello que sea cu\u00e1l sea la situaci\u00f3n, por un aumento de la actividad como por mayor sedentarismo, el verano no est\u00e1 exento de causar dolor de espalda. Desde Centros Cruz Navarro os explicamos las causas de estas dolencias y c\u00f3mo evitarlas.<\/p>\n<h2><strong>\u00bfPor qu\u00e9 causas podemos sufrir de dolor de espalda en verano?<\/strong><\/h2>\n<p>Hay m\u00faltiples razones por las que podemos sufrir de dolores de espalda en en verano. Por ejemplo, muchas personas que en su d\u00eda a d\u00eda no disponen de tiempo para realizar ejercicio se lanzan a practicarlo, a veces muy frecuentemente, sin estar preparadas.<\/p>\n<p>Pero tambi\u00e9n sucede lo contrario. Personas acostumbradas a ejercicio f\u00edsico frecuente, tienen en verano un par\u00f3n que puede llevar a sufrir lesiones.<\/p>\n<p>El hecho de cargar con m\u00e1s peso como equipajes, sombrillas de playa tambi\u00e9n contribuye a una mayor aparici\u00f3n de dolencias lumbares.<\/p>\n<p>Siguiendo esta l\u00ednea, el medio de transporte, la duraci\u00f3n del viaje, dormir en lugares inc\u00f3modos como asientos de avi\u00f3n etc., los cambios de cama y almohada o pasar largos per\u00edodos de tiempo en la misma postura son de los factores a tener m\u00e1s en cuenta.<\/p>\n<p>Finalmente existen otros factores, que aunque nos pasen m\u00e1s desapercibidos tienen una gran incidencia en nuestra correcta higiene y salud postural. Por ejemplo, el sobre uso del m\u00f3vil durante las vacaciones hace que nuestras cervicales y columna se resientan.<\/p>\n<p>El mayor uso y potencia de los aires acondicionados tambi\u00e9n influye en los dolores de espalda, ya que la musculatura se contrae en se\u00f1al de defensa contra el fr\u00edo, de forma totalmente involuntaria, a veces durante largos per\u00edodos.<\/p>\n<p>Adem\u00e1s, las personas que en su d\u00eda a d\u00eda, tanto personal como laboral, sufren de fuertes episodios de estr\u00e9s, generan mucha tensi\u00f3n acumulada, que una vez relajados, se manifiesta en forma de contracturas y dem\u00e1s dolencias.<\/p>\n<h2><\/h2>\n<h2><strong>Recomendaciones para evitar el dolor de espalda en verano<\/strong><\/h2>\n<h3><strong>Desper\u00e9zate, realiza estiramientos o practica yoga o pilates por las ma\u00f1anas<\/strong><\/h3>\n<p>Estas pr\u00e1cticas te ayudar\u00e1n a estirar tu sistema muscoesquel\u00e9tico despu\u00e9s de mantener una postura fija.<\/p>\n<h3><strong>Si vas a estar mucho rato quieto, mant\u00e9n una postura correcta<\/strong><\/h3>\n<p>Si vas a estar sentado, tumbado o vas a caminar durante ratos prolongados, es importante que adoptes una postura correcta que no fuerce tus m\u00fasculos y huesos.<\/p>\n<h3><strong>Realiza paradas y cambia de postura <\/strong><\/h3>\n<p>Si tienes un viaje largo, para cada poco para caminar, adem\u00e1s de desentumedecer los m\u00fasculos y huesos ayudar\u00e1 a la circulaci\u00f3n.<\/p>\n<h3><strong>Opta por ropa y calzado c\u00f3modos<\/strong><\/h3>\n<p>En verano podemos pasar largos ratos caminando o de pie en una posici\u00f3n fija como esperar. Es por ello que es mejor evitar los tacones muy altos o los zapatos que no rocen o aprieten, puesto que fuerzan la postura, afectando no solo a los pies, si no tambi\u00e9n a la columna. De igual forma, la ropa holgada ayudar\u00e1 a la circulaci\u00f3n.<\/p>\n<h3><strong>Cuidado con el peso del equipaje<\/strong><\/h3>\n<p>Muchas lesiones se dan por sobrecargar la columna, por lo que lo recomendable es optar por maletas de ruedas o distribuir el peso en distintos bultos. En el caso de tener que cogerlos, debemos doblar las rodillas en vez de flexionar la espalda.<\/p>\n<p>Para caminatas largas, de ser posible, es recomendable llevar el menor peso posible.<\/p>\n<h3><strong>Cuida tu dieta<\/strong><\/h3>\n<p>Un factor que conlleva m\u00e1s incidencia del dolor \u00a0de espalda es el peso corporal, por ejemplo la obesidad. El peso recae sobre la columna y tambi\u00e9n afecta a nuestra postura, as\u00ed que en verano podemos aprovechar por empezar una dieta m\u00e1s fresca y equilibrada.<\/p>\n<h3><strong>Realiza ejercicio moderado<\/strong><\/h3>\n<p>Camina, nada o practica un deporte adecuado a tu estado f\u00edsico cada d\u00eda, todo ello fortalecer\u00e1 los m\u00fasculos.<\/p>\n<p>&nbsp;<\/p>\n<p>Si precisas de m\u00e1s informaci\u00f3n sobre el dolor de espalda y c\u00f3mo tratarlo, no dudes en <a href=\"http:\/\/www.centrescruznavarro.com\/contacte\/\">contactar <\/a>con nosotros.<\/p>\n<p>&nbsp;<\/p>\n<p>&nbsp;<\/p>\n","protected":false},"excerpt":{"rendered":"<p>Llegan las vacaciones y con ellas el tiempo para poder hacer todo lo que nos gusta o al contrario, no hacer nada. Es por ello que sea cu\u00e1l sea la situaci\u00f3n, por un aumento de la actividad como por mayor [&hellip;]<\/p>\n","protected":false},"author":1,"featured_media":0,"comment_status":"open","ping_status":"open","sticky":false,"template":"","format":"standard","meta":{"site-sidebar-layout":"default","site-content-layout":"","ast-site-content-layout":"","site-content-style":"default","site-sidebar-style":"default","ast-global-header-display":"","ast-banner-title-visibility":"","ast-main-header-display":"","ast-hfb-above-header-display":"","ast-hfb-below-header-display":"","ast-hfb-mobile-header-display":"","site-post-title":"","ast-breadcrumbs-content":"","ast-featured-img":"","footer-sml-layout":"","theme-transparent-header-meta":"","adv-header-id-meta":"","stick-header-meta":"","header-above-stick-meta":"","header-main-stick-meta":"","header-below-stick-meta":"","astra-migrate-meta-layouts":"default","ast-page-background-enabled":"default","ast-page-background-meta":{"desktop":{"background-color":"","background-image":"","background-repeat":"repeat","background-position":"center center","background-size":"auto","background-attachment":"scroll","background-type":"","background-media":"","overlay-type":"","overlay-color":"","overlay-opacity":"","overlay-gradient":""},"tablet":{"background-color":"","background-image":"","background-repeat":"repeat","background-position":"center center","background-size":"auto","background-attachment":"scroll","background-type":"","background-media":"","overlay-type":"","overlay-color":"","overlay-opacity":"","overlay-gradient":""},"mobile":{"background-color":"","background-image":"","background-repeat":"repeat","background-position":"center center","background-size":"auto","background-attachment":"scroll","background-type":"","background-media":"","overlay-type":"","overlay-color":"","overlay-opacity":"","overlay-gradient":""}},"ast-content-background-meta":{"desktop":{"background-color":"var(--ast-global-color-5)","background-image":"","background-repeat":"repeat","background-position":"center center","background-size":"auto","background-attachment":"scroll","background-type":"","background-media":"","overlay-type":"","overlay-color":"","overlay-opacity":"","overlay-gradient":""},"tablet":{"background-color":"var(--ast-global-color-5)","background-image":"","background-repeat":"repeat","background-position":"center center","background-size":"auto","background-attachment":"scroll","background-type":"","background-media":"","overlay-type":"","overlay-color":"","overlay-opacity":"","overlay-gradient":""},"mobile":{"background-color":"var(--ast-global-color-5)","background-image":"","background-repeat":"repeat","background-position":"center center","background-size":"auto","background-attachment":"scroll","background-type":"","background-media":"","overlay-type":"","overlay-color":"","overlay-opacity":"","overlay-gradient":""}},"footnotes":""},"categories":[26],"tags":[],"class_list":["post-3407","post","type-post","status-publish","format-standard","hentry","category-sin-categorizar"],"yoast_head":"<!-- This site is optimized with the Yoast SEO plugin v25.0 - https:\/\/yoast.com\/wordpress\/plugins\/seo\/ -->\n<title>Dolor de espalda: \u00bfPor qu\u00e9 es m\u00e1s frecuente en verano? - Centres Cruz Navarro<\/title>\n<meta name=\"robots\" content=\"index, follow, max-snippet:-1, max-image-preview:large, max-video-preview:-1\" \/>\n<link rel=\"canonical\" href=\"https:\/\/www.centrescruznavarro.com\/es\/blog\/dolor-espalda-verano\/\" \/>\n<meta property=\"og:locale\" content=\"es_ES\" \/>\n<meta property=\"og:type\" content=\"article\" \/>\n<meta property=\"og:title\" content=\"Dolor de espalda: \u00bfPor qu\u00e9 es m\u00e1s frecuente en verano? - Centres Cruz Navarro\" \/>\n<meta property=\"og:description\" content=\"Llegan las vacaciones y con ellas el tiempo para poder hacer todo lo que nos gusta o al contrario, no hacer nada. Es por ello que sea cu\u00e1l sea la situaci\u00f3n, por un aumento de la actividad como por mayor [&hellip;]\" \/>\n<meta property=\"og:url\" content=\"https:\/\/www.centrescruznavarro.com\/es\/blog\/dolor-espalda-verano\/\" \/>\n<meta property=\"og:site_name\" content=\"Centres Cruz Navarro\" \/>\n<meta property=\"article:published_time\" content=\"2019-08-14T04:00:58+00:00\" \/>\n<meta name=\"author\" content=\"Centres Cruz Navarro\" \/>\n<meta name=\"twitter:card\" content=\"summary_large_image\" \/>\n<meta name=\"twitter:label1\" content=\"Escrito por\" \/>\n\t<meta name=\"twitter:data1\" content=\"Centres Cruz Navarro\" \/>\n\t<meta name=\"twitter:label2\" content=\"Tiempo de lectura\" \/>\n\t<meta name=\"twitter:data2\" content=\"3 minutos\" \/>\n<script type=\"application\/ld+json\" class=\"yoast-schema-graph\">{\"@context\":\"https:\/\/schema.org\",\"@graph\":[{\"@type\":\"Article\",\"@id\":\"https:\/\/www.centrescruznavarro.com\/es\/blog\/dolor-espalda-verano\/#article\",\"isPartOf\":{\"@id\":\"https:\/\/www.centrescruznavarro.com\/es\/blog\/dolor-espalda-verano\/\"},\"author\":{\"name\":\"Centres Cruz Navarro\",\"@id\":\"https:\/\/www.centrescruznavarro.com\/#\/schema\/person\/4d984aa0a5311fb2ffccb3707708a291\"},\"headline\":\"Dolor de espalda: \u00bfPor qu\u00e9 es m\u00e1s frecuente en verano?\",\"datePublished\":\"2019-08-14T04:00:58+00:00\",\"mainEntityOfPage\":{\"@id\":\"https:\/\/www.centrescruznavarro.com\/es\/blog\/dolor-espalda-verano\/\"},\"wordCount\":705,\"commentCount\":0,\"publisher\":{\"@id\":\"https:\/\/www.centrescruznavarro.com\/#organization\"},\"articleSection\":[\"Sin categorizar\"],\"inLanguage\":\"es\",\"potentialAction\":[{\"@type\":\"CommentAction\",\"name\":\"Comment\",\"target\":[\"https:\/\/www.centrescruznavarro.com\/es\/blog\/dolor-espalda-verano\/#respond\"]}]},{\"@type\":\"WebPage\",\"@id\":\"https:\/\/www.centrescruznavarro.com\/es\/blog\/dolor-espalda-verano\/\",\"url\":\"https:\/\/www.centrescruznavarro.com\/es\/blog\/dolor-espalda-verano\/\",\"name\":\"Dolor de espalda: \u00bfPor qu\u00e9 es m\u00e1s frecuente en verano? - Centres Cruz Navarro\",\"isPartOf\":{\"@id\":\"https:\/\/www.centrescruznavarro.com\/#website\"},\"datePublished\":\"2019-08-14T04:00:58+00:00\",\"breadcrumb\":{\"@id\":\"https:\/\/www.centrescruznavarro.com\/es\/blog\/dolor-espalda-verano\/#breadcrumb\"},\"inLanguage\":\"es\",\"potentialAction\":[{\"@type\":\"ReadAction\",\"target\":[\"https:\/\/www.centrescruznavarro.com\/es\/blog\/dolor-espalda-verano\/\"]}]},{\"@type\":\"BreadcrumbList\",\"@id\":\"https:\/\/www.centrescruznavarro.com\/es\/blog\/dolor-espalda-verano\/#breadcrumb\",\"itemListElement\":[{\"@type\":\"ListItem\",\"position\":1,\"name\":\"Home\",\"item\":\"https:\/\/www.centrescruznavarro.com\/\"},{\"@type\":\"ListItem\",\"position\":2,\"name\":\"Dolor de espalda: \u00bfPor qu\u00e9 es m\u00e1s frecuente en verano?\"}]},{\"@type\":\"WebSite\",\"@id\":\"https:\/\/www.centrescruznavarro.com\/#website\",\"url\":\"https:\/\/www.centrescruznavarro.com\/\",\"name\":\"Centres Cruz Navarro\",\"description\":\"Centres de Rehabilitaci\u00f3 Cruz Navarro Barcelona\",\"publisher\":{\"@id\":\"https:\/\/www.centrescruznavarro.com\/#organization\"},\"potentialAction\":[{\"@type\":\"SearchAction\",\"target\":{\"@type\":\"EntryPoint\",\"urlTemplate\":\"https:\/\/www.centrescruznavarro.com\/?s={search_term_string}\"},\"query-input\":{\"@type\":\"PropertyValueSpecification\",\"valueRequired\":true,\"valueName\":\"search_term_string\"}}],\"inLanguage\":\"es\"},{\"@type\":\"Organization\",\"@id\":\"https:\/\/www.centrescruznavarro.com\/#organization\",\"name\":\"Centres Cruz Navarro\",\"url\":\"https:\/\/www.centrescruznavarro.com\/\",\"logo\":{\"@type\":\"ImageObject\",\"inLanguage\":\"es\",\"@id\":\"https:\/\/www.centrescruznavarro.com\/#\/schema\/logo\/image\/\",\"url\":\"https:\/\/www.centrescruznavarro.com\/wp-content\/uploads\/2024\/07\/logo-centres-cruz-navarro.png\",\"contentUrl\":\"https:\/\/www.centrescruznavarro.com\/wp-content\/uploads\/2024\/07\/logo-centres-cruz-navarro.png\",\"width\":1326,\"height\":338,\"caption\":\"Centres Cruz Navarro\"},\"image\":{\"@id\":\"https:\/\/www.centrescruznavarro.com\/#\/schema\/logo\/image\/\"}},{\"@type\":\"Person\",\"@id\":\"https:\/\/www.centrescruznavarro.com\/#\/schema\/person\/4d984aa0a5311fb2ffccb3707708a291\",\"name\":\"Centres Cruz Navarro\",\"image\":{\"@type\":\"ImageObject\",\"inLanguage\":\"es\",\"@id\":\"https:\/\/www.centrescruznavarro.com\/#\/schema\/person\/image\/\",\"url\":\"https:\/\/www.centrescruznavarro.com\/wp-content\/litespeed\/avatar\/49cd8931e1b0ff715b62ea58ad820808.jpg?ver=1777450160\",\"contentUrl\":\"https:\/\/www.centrescruznavarro.com\/wp-content\/litespeed\/avatar\/49cd8931e1b0ff715b62ea58ad820808.jpg?ver=1777450160\",\"caption\":\"Centres Cruz Navarro\"},\"sameAs\":[\"http:\/\/pre.centrescruznavarro.com\"],\"url\":\"https:\/\/www.centrescruznavarro.com\/es\/blog\/author\/dev\/\"}]}<\/script>\n<!-- \/ Yoast SEO plugin. -->","yoast_head_json":{"title":"Dolor de espalda: \u00bfPor qu\u00e9 es m\u00e1s frecuente en verano? - Centres Cruz Navarro","robots":{"index":"index","follow":"follow","max-snippet":"max-snippet:-1","max-image-preview":"max-image-preview:large","max-video-preview":"max-video-preview:-1"},"canonical":"https:\/\/www.centrescruznavarro.com\/es\/blog\/dolor-espalda-verano\/","og_locale":"es_ES","og_type":"article","og_title":"Dolor de espalda: \u00bfPor qu\u00e9 es m\u00e1s frecuente en verano? - Centres Cruz Navarro","og_description":"Llegan las vacaciones y con ellas el tiempo para poder hacer todo lo que nos gusta o al contrario, no hacer nada. Es por ello que sea cu\u00e1l sea la situaci\u00f3n, por un aumento de la actividad como por mayor [&hellip;]","og_url":"https:\/\/www.centrescruznavarro.com\/es\/blog\/dolor-espalda-verano\/","og_site_name":"Centres Cruz Navarro","article_published_time":"2019-08-14T04:00:58+00:00","author":"Centres Cruz Navarro","twitter_card":"summary_large_image","twitter_misc":{"Escrito por":"Centres Cruz Navarro","Tiempo de lectura":"3 minutos"},"schema":{"@context":"https:\/\/schema.org","@graph":[{"@type":"Article","@id":"https:\/\/www.centrescruznavarro.com\/es\/blog\/dolor-espalda-verano\/#article","isPartOf":{"@id":"https:\/\/www.centrescruznavarro.com\/es\/blog\/dolor-espalda-verano\/"},"author":{"name":"Centres Cruz Navarro","@id":"https:\/\/www.centrescruznavarro.com\/#\/schema\/person\/4d984aa0a5311fb2ffccb3707708a291"},"headline":"Dolor de espalda: \u00bfPor qu\u00e9 es m\u00e1s frecuente en verano?","datePublished":"2019-08-14T04:00:58+00:00","mainEntityOfPage":{"@id":"https:\/\/www.centrescruznavarro.com\/es\/blog\/dolor-espalda-verano\/"},"wordCount":705,"commentCount":0,"publisher":{"@id":"https:\/\/www.centrescruznavarro.com\/#organization"},"articleSection":["Sin categorizar"],"inLanguage":"es","potentialAction":[{"@type":"CommentAction","name":"Comment","target":["https:\/\/www.centrescruznavarro.com\/es\/blog\/dolor-espalda-verano\/#respond"]}]},{"@type":"WebPage","@id":"https:\/\/www.centrescruznavarro.com\/es\/blog\/dolor-espalda-verano\/","url":"https:\/\/www.centrescruznavarro.com\/es\/blog\/dolor-espalda-verano\/","name":"Dolor de espalda: \u00bfPor qu\u00e9 es m\u00e1s frecuente en verano? - Centres Cruz Navarro","isPartOf":{"@id":"https:\/\/www.centrescruznavarro.com\/#website"},"datePublished":"2019-08-14T04:00:58+00:00","breadcrumb":{"@id":"https:\/\/www.centrescruznavarro.com\/es\/blog\/dolor-espalda-verano\/#breadcrumb"},"inLanguage":"es","potentialAction":[{"@type":"ReadAction","target":["https:\/\/www.centrescruznavarro.com\/es\/blog\/dolor-espalda-verano\/"]}]},{"@type":"BreadcrumbList","@id":"https:\/\/www.centrescruznavarro.com\/es\/blog\/dolor-espalda-verano\/#breadcrumb","itemListElement":[{"@type":"ListItem","position":1,"name":"Home","item":"https:\/\/www.centrescruznavarro.com\/"},{"@type":"ListItem","position":2,"name":"Dolor de espalda: \u00bfPor qu\u00e9 es m\u00e1s frecuente en verano?"}]},{"@type":"WebSite","@id":"https:\/\/www.centrescruznavarro.com\/#website","url":"https:\/\/www.centrescruznavarro.com\/","name":"Centres Cruz Navarro","description":"Centres de Rehabilitaci\u00f3 Cruz Navarro Barcelona","publisher":{"@id":"https:\/\/www.centrescruznavarro.com\/#organization"},"potentialAction":[{"@type":"SearchAction","target":{"@type":"EntryPoint","urlTemplate":"https:\/\/www.centrescruznavarro.com\/?s={search_term_string}"},"query-input":{"@type":"PropertyValueSpecification","valueRequired":true,"valueName":"search_term_string"}}],"inLanguage":"es"},{"@type":"Organization","@id":"https:\/\/www.centrescruznavarro.com\/#organization","name":"Centres Cruz Navarro","url":"https:\/\/www.centrescruznavarro.com\/","logo":{"@type":"ImageObject","inLanguage":"es","@id":"https:\/\/www.centrescruznavarro.com\/#\/schema\/logo\/image\/","url":"https:\/\/www.centrescruznavarro.com\/wp-content\/uploads\/2024\/07\/logo-centres-cruz-navarro.png","contentUrl":"https:\/\/www.centrescruznavarro.com\/wp-content\/uploads\/2024\/07\/logo-centres-cruz-navarro.png","width":1326,"height":338,"caption":"Centres Cruz Navarro"},"image":{"@id":"https:\/\/www.centrescruznavarro.com\/#\/schema\/logo\/image\/"}},{"@type":"Person","@id":"https:\/\/www.centrescruznavarro.com\/#\/schema\/person\/4d984aa0a5311fb2ffccb3707708a291","name":"Centres Cruz Navarro","image":{"@type":"ImageObject","inLanguage":"es","@id":"https:\/\/www.centrescruznavarro.com\/#\/schema\/person\/image\/","url":"https:\/\/www.centrescruznavarro.com\/wp-content\/litespeed\/avatar\/49cd8931e1b0ff715b62ea58ad820808.jpg?ver=1777450160","contentUrl":"https:\/\/www.centrescruznavarro.com\/wp-content\/litespeed\/avatar\/49cd8931e1b0ff715b62ea58ad820808.jpg?ver=1777450160","caption":"Centres Cruz Navarro"},"sameAs":["http:\/\/pre.centrescruznavarro.com"],"url":"https:\/\/www.centrescruznavarro.com\/es\/blog\/author\/dev\/"}]}},"_links":{"self":[{"href":"https:\/\/www.centrescruznavarro.com\/es\/wp-json\/wp\/v2\/posts\/3407","targetHints":{"allow":["GET"]}}],"collection":[{"href":"https:\/\/www.centrescruznavarro.com\/es\/wp-json\/wp\/v2\/posts"}],"about":[{"href":"https:\/\/www.centrescruznavarro.com\/es\/wp-json\/wp\/v2\/types\/post"}],"author":[{"embeddable":true,"href":"https:\/\/www.centrescruznavarro.com\/es\/wp-json\/wp\/v2\/users\/1"}],"replies":[{"embeddable":true,"href":"https:\/\/www.centrescruznavarro.com\/es\/wp-json\/wp\/v2\/comments?post=3407"}],"version-history":[{"count":0,"href":"https:\/\/www.centrescruznavarro.com\/es\/wp-json\/wp\/v2\/posts\/3407\/revisions"}],"wp:attachment":[{"href":"https:\/\/www.centrescruznavarro.com\/es\/wp-json\/wp\/v2\/media?parent=3407"}],"wp:term":[{"taxonomy":"category","embeddable":true,"href":"https:\/\/www.centrescruznavarro.com\/es\/wp-json\/wp\/v2\/categories?post=3407"},{"taxonomy":"post_tag","embeddable":true,"href":"https:\/\/www.centrescruznavarro.com\/es\/wp-json\/wp\/v2\/tags?post=3407"}],"curies":[{"name":"wp","href":"https:\/\/api.w.org\/{rel}","templated":true}]}}