{"id":3397,"date":"2020-06-03T06:00:00","date_gmt":"2020-06-03T04:00:00","guid":{"rendered":"http:\/\/www.centrescruznavarro.com\/?p=6460"},"modified":"2020-06-03T06:00:00","modified_gmt":"2020-06-03T04:00:00","slug":"migranas-riesgo","status":"publish","type":"post","link":"https:\/\/www.centrescruznavarro.com\/es\/blog\/migranas-riesgo\/","title":{"rendered":"Migra\u00f1as: \u00bfQui\u00e9n tiene mayor riesgo?"},"content":{"rendered":"\n<p>Las migra\u00f1as son una dolencia muy extendida, sobre todo\nentre la poblaci\u00f3n femenina, llegando incluso a triplicar los casos con\nrespecto al n\u00famero de hombres. Este tipo de dolor de cabeza puede causar un dolor\nmoderado o llegar a ser totalmente incapacitante.<\/p>\n\n\n\n<p>Quienes las padecen o han padecido alguna vez, saben de lo que hablamos, ya que es un tipo de dolor muy caracter\u00edstico que, adem\u00e1s, suele ser recurrente. En <strong>Centres Cruz Navarro<\/strong> llevamos a\u00f1os tratando esta molesta dolencia y aliviando los trastornos que ocasiona. Vamos a explicarte un poco m\u00e1s en profundidad en qu\u00e9 consiste y qu\u00e9 factores de riesgo pueden desencadenarla.<\/p>\n\n\n\n<h2 class=\"wp-block-heading\">Las migra\u00f1as y sus causas<\/h2>\n\n\n\n<p>Como hemos comentado anteriormente, las mujeres son m\u00e1s\nproclives a sufrir migra\u00f1as. Seg\u00fan algunos estudios recientes, hormonas como\nlos estr\u00f3genos podr\u00edan tener relaci\u00f3n en esta mayor incidencia. As\u00ed mismo, las\nf\u00e9minas fumadoras presentan esta dolencia con mayor frecuencia que las que\nnunca han fumado, aunque esta no es una causa determinante de padecerlas.<\/p>\n\n\n\n<p>Los cient\u00edficos relacionan tambi\u00e9n cierto componente\ngen\u00e9tico en padecer este tipo de dolores. Adem\u00e1s, encontramos tambi\u00e9n otras\ncausas de las migra\u00f1as, como:<\/p>\n\n\n\n<ul class=\"wp-block-list\"><li>El estr\u00e9s y la ansiedad.<\/li><li>Exposici\u00f3n a ruidos fuertes.<\/li><li>Ambientes con luces muy brillantes o estrobosc\u00f3picas (intermitentes).<\/li><li>La cafe\u00edna, tanto por abuso como por abstinencia, tambi\u00e9n puede desencadenar migra\u00f1as.<\/li><li>En las mujeres, los cambios hormonales son un gran factor desencadenante; sobre todo, en aquellas que ya las han padecido alguna vez.<\/li><li>Fumar tabaco.<\/li><li>Algunas personas afirman que los d\u00edas de baja presi\u00f3n atmosf\u00e9rica, como los tormentosos, son m\u00e1s propensas a sufrir una migra\u00f1a.<\/li><li>Las contracturas musculares, sobre todo aquellas que comprimen la zona cervical, tambi\u00e9n son un gran factor de riesgo para padecerlas.<\/li><li>Algunos medicamentos.<\/li><li>La falta de sue\u00f1o o, en ocasiones, dormir demasiado, son origen de este padecimiento.<\/li><li>Las dietas muy restrictivas tambi\u00e9n pueden ser un factor desencadenante para algunas personas.<\/li><li>Algunos alimentos pueden afectar a determinadas personas de forma negativa y causarles crisis migra\u00f1osas, por ejemplo el chocolate, quesos muy curados, la levadura, el alcohol o las carnes procesadas.<\/li><\/ul>\n\n\n\n<p>Como podemos observar, no existe una \u00fanica causa o factor\ndesencadenante de las migra\u00f1as. Sin embargo, reducir los factores de riesgo y\nllevar un estilo de vida saludable ayuda a prevenir su aparici\u00f3n.<\/p>\n\n\n\n<h2 class=\"wp-block-heading\">\u00bfQu\u00e9 s\u00edntomas tienen las personas con migra\u00f1a?<\/h2>\n\n\n\n<p>Dentro de lo que se puede considerar esta dolencia podemos\nencontrar diferentes sensaciones. Los s\u00edntomas de la migra\u00f1a m\u00e1s normales son:<\/p>\n\n\n\n<ul class=\"wp-block-list\"><li>El dolor de cabeza, que suele comenzar de forma leve y se va intensificando con el paso del tiempo.<\/li><li>Aura. Es la percepci\u00f3n de luces intermitentes o brillantes; en ocasiones, la migra\u00f1a \u00e1urea produce la llamada visi\u00f3n de t\u00fanel, en la que se oscurecen los contornos de lo que estamos viendo y se difuminan los objetos que tratamos de enfocar. En este caso podr\u00edamos hablar de <strong>migra\u00f1as oculares<\/strong>.<\/li><li>N\u00e1useas.<\/li><li>Excesiva sensibilidad&nbsp; a la luz y al ruido.<\/li><li>Rigidez cervical.<\/li><li>Debilidad y agotamiento.<\/li><\/ul>\n\n\n\n<h2 class=\"wp-block-heading\">\u00bfExiste alg\u00fan tratamiento eficaz para las migra\u00f1as?<\/h2>\n\n\n\n<p>Antes de hablar de un tratamiento eficaz para las migra\u00f1as\ndebemos intentar conocer el origen. Por ello, cuando un paciente acude a\nnuestros centros, evaluamos su historia cl\u00ednica y le realizamos un examen\nf\u00edsico y neurol\u00f3gico.<\/p>\n\n\n\n<p>Recientemente, se ha puesto de moda el piercing para\nmigra\u00f1as. Bas\u00e1ndose en ciertos puntos relacionados con la acupuntura, algunas\npersonas afirman que la presi\u00f3n por medio de estos pendientes puede aliviar los\ndolores de cabeza y el resto de s\u00edntomas que producen. <\/p>\n\n\n\n<p>Sin embargo, la relaci\u00f3n migra\u00f1as \u2013 piercing no aporta\nning\u00fan resultado concluyente y se considera m\u00e1s una pseudoterapia que un\ntratamiento.<\/p>\n\n\n\n<p>En Centres Cruz Navarro ayudamos a nuestros pacientes\nmediante la fisioterapia y otras terapias neurol\u00f3gicas enfocadas a reducir las\nmolestias y prevenir futuros brotes.<\/p>\n\n\n\n<h2 class=\"wp-block-heading\">Consejos para prevenir las migra\u00f1as<\/h2>\n\n\n\n<p>Las migra\u00f1as no son una dolencia que se presente de golpe, habitualmente empieza dando algunas pistas. Una buena manera de prevenirla es reducir el estr\u00e9s y evitar los factores que anteriormente hemos mencionado. Si, adem\u00e1s, tienes tendencia a sufrir problemas cervicales, en nuestras cl\u00ednicas podemos ayudarte mediante terapias manuales y ejercicios. <strong><a href=\"http:\/\/www.centrescruznavarro.com\/es\/contacto\/\" target=\"_blank\" rel=\"noreferrer noopener\" aria-label=\"Ponte en contacto con nosotros (s'obre en una nova pestanya)\">Ponte en contacto con nosotros<\/a><\/strong> y te informaremos sin compromiso.<\/p>\n","protected":false},"excerpt":{"rendered":"<p>Las migra\u00f1as son una dolencia muy extendida, sobre todo entre la poblaci\u00f3n femenina, llegando incluso a triplicar los casos con respecto al n\u00famero de hombres. Este tipo de dolor de cabeza puede causar un dolor moderado o llegar a ser [&hellip;]<\/p>\n","protected":false},"author":1,"featured_media":3398,"comment_status":"open","ping_status":"open","sticky":false,"template":"","format":"standard","meta":{"site-sidebar-layout":"default","site-content-layout":"","ast-site-content-layout":"","site-content-style":"default","site-sidebar-style":"default","ast-global-header-display":"","ast-banner-title-visibility":"","ast-main-header-display":"","ast-hfb-above-header-display":"","ast-hfb-below-header-display":"","ast-hfb-mobile-header-display":"","site-post-title":"","ast-breadcrumbs-content":"","ast-featured-img":"","footer-sml-layout":"","theme-transparent-header-meta":"","adv-header-id-meta":"","stick-header-meta":"","header-above-stick-meta":"","header-main-stick-meta":"","header-below-stick-meta":"","astra-migrate-meta-layouts":"default","ast-page-background-enabled":"default","ast-page-background-meta":{"desktop":{"background-color":"","background-image":"","background-repeat":"repeat","background-position":"center center","background-size":"auto","background-attachment":"scroll","background-type":"","background-media":"","overlay-type":"","overlay-color":"","overlay-opacity":"","overlay-gradient":""},"tablet":{"background-color":"","background-image":"","background-repeat":"repeat","background-position":"center center","background-size":"auto","background-attachment":"scroll","background-type":"","background-media":"","overlay-type":"","overlay-color":"","overlay-opacity":"","overlay-gradient":""},"mobile":{"background-color":"","background-image":"","background-repeat":"repeat","background-position":"center center","background-size":"auto","background-attachment":"scroll","background-type":"","background-media":"","overlay-type":"","overlay-color":"","overlay-opacity":"","overlay-gradient":""}},"ast-content-background-meta":{"desktop":{"background-color":"var(--ast-global-color-5)","background-image":"","background-repeat":"repeat","background-position":"center center","background-size":"auto","background-attachment":"scroll","background-type":"","background-media":"","overlay-type":"","overlay-color":"","overlay-opacity":"","overlay-gradient":""},"tablet":{"background-color":"var(--ast-global-color-5)","background-image":"","background-repeat":"repeat","background-position":"center center","background-size":"auto","background-attachment":"scroll","background-type":"","background-media":"","overlay-type":"","overlay-color":"","overlay-opacity":"","overlay-gradient":""},"mobile":{"background-color":"var(--ast-global-color-5)","background-image":"","background-repeat":"repeat","background-position":"center center","background-size":"auto","background-attachment":"scroll","background-type":"","background-media":"","overlay-type":"","overlay-color":"","overlay-opacity":"","overlay-gradient":""}},"footnotes":""},"categories":[35],"tags":[],"class_list":["post-3397","post","type-post","status-publish","format-standard","has-post-thumbnail","hentry","category-bienestar"],"yoast_head":"<!-- This site is optimized with the Yoast SEO plugin v25.0 - https:\/\/yoast.com\/wordpress\/plugins\/seo\/ -->\n<title>Migra\u00f1as: \u00bfQui\u00e9n tiene mayor riesgo?<\/title>\n<meta name=\"description\" content=\"En Centres Cruz Navarro llevamos a\u00f1os tratando esta molesta dolencia y aliviando los trastornos que ocasionan las migra\u00f1as.\" \/>\n<meta name=\"robots\" content=\"index, follow, max-snippet:-1, max-image-preview:large, max-video-preview:-1\" \/>\n<link rel=\"canonical\" href=\"https:\/\/www.centrescruznavarro.com\/es\/blog\/migranas-riesgo\/\" \/>\n<meta property=\"og:locale\" content=\"es_ES\" \/>\n<meta property=\"og:type\" content=\"article\" \/>\n<meta property=\"og:title\" content=\"Migra\u00f1as: \u00bfQui\u00e9n tiene mayor riesgo?\" \/>\n<meta property=\"og:description\" content=\"En Centres Cruz Navarro llevamos a\u00f1os tratando esta molesta dolencia y aliviando los trastornos que ocasionan las migra\u00f1as.\" \/>\n<meta property=\"og:url\" content=\"https:\/\/www.centrescruznavarro.com\/es\/blog\/migranas-riesgo\/\" \/>\n<meta property=\"og:site_name\" content=\"Centres Cruz Navarro\" \/>\n<meta property=\"article:published_time\" content=\"2020-06-03T04:00:00+00:00\" \/>\n<meta property=\"og:image\" content=\"https:\/\/www.centrescruznavarro.com\/wp-content\/uploads\/2020\/06\/migran\u0303as.png\" \/>\n\t<meta property=\"og:image:width\" content=\"1080\" \/>\n\t<meta property=\"og:image:height\" content=\"480\" \/>\n\t<meta property=\"og:image:type\" content=\"image\/png\" \/>\n<meta name=\"author\" content=\"Centres Cruz Navarro\" \/>\n<meta name=\"twitter:card\" content=\"summary_large_image\" \/>\n<meta name=\"twitter:label1\" content=\"Escrito por\" \/>\n\t<meta name=\"twitter:data1\" content=\"Centres Cruz Navarro\" \/>\n\t<meta name=\"twitter:label2\" content=\"Tiempo de lectura\" \/>\n\t<meta name=\"twitter:data2\" content=\"4 minutos\" \/>\n<script type=\"application\/ld+json\" class=\"yoast-schema-graph\">{\"@context\":\"https:\/\/schema.org\",\"@graph\":[{\"@type\":\"Article\",\"@id\":\"https:\/\/www.centrescruznavarro.com\/es\/blog\/migranas-riesgo\/#article\",\"isPartOf\":{\"@id\":\"https:\/\/www.centrescruznavarro.com\/es\/blog\/migranas-riesgo\/\"},\"author\":{\"name\":\"Centres Cruz Navarro\",\"@id\":\"https:\/\/www.centrescruznavarro.com\/#\/schema\/person\/4d984aa0a5311fb2ffccb3707708a291\"},\"headline\":\"Migra\u00f1as: \u00bfQui\u00e9n tiene mayor riesgo?\",\"datePublished\":\"2020-06-03T04:00:00+00:00\",\"mainEntityOfPage\":{\"@id\":\"https:\/\/www.centrescruznavarro.com\/es\/blog\/migranas-riesgo\/\"},\"wordCount\":750,\"commentCount\":0,\"publisher\":{\"@id\":\"https:\/\/www.centrescruznavarro.com\/#organization\"},\"image\":{\"@id\":\"https:\/\/www.centrescruznavarro.com\/es\/blog\/migranas-riesgo\/#primaryimage\"},\"thumbnailUrl\":\"https:\/\/www.centrescruznavarro.com\/wp-content\/uploads\/2020\/06\/migran\u0303as.png\",\"articleSection\":[\"Bienestar\"],\"inLanguage\":\"es\",\"potentialAction\":[{\"@type\":\"CommentAction\",\"name\":\"Comment\",\"target\":[\"https:\/\/www.centrescruznavarro.com\/es\/blog\/migranas-riesgo\/#respond\"]}]},{\"@type\":\"WebPage\",\"@id\":\"https:\/\/www.centrescruznavarro.com\/es\/blog\/migranas-riesgo\/\",\"url\":\"https:\/\/www.centrescruznavarro.com\/es\/blog\/migranas-riesgo\/\",\"name\":\"Migra\u00f1as: \u00bfQui\u00e9n tiene mayor riesgo?\",\"isPartOf\":{\"@id\":\"https:\/\/www.centrescruznavarro.com\/#website\"},\"primaryImageOfPage\":{\"@id\":\"https:\/\/www.centrescruznavarro.com\/es\/blog\/migranas-riesgo\/#primaryimage\"},\"image\":{\"@id\":\"https:\/\/www.centrescruznavarro.com\/es\/blog\/migranas-riesgo\/#primaryimage\"},\"thumbnailUrl\":\"https:\/\/www.centrescruznavarro.com\/wp-content\/uploads\/2020\/06\/migran\u0303as.png\",\"datePublished\":\"2020-06-03T04:00:00+00:00\",\"description\":\"En Centres Cruz Navarro llevamos a\u00f1os tratando esta molesta dolencia y aliviando los trastornos que ocasionan las migra\u00f1as.\",\"breadcrumb\":{\"@id\":\"https:\/\/www.centrescruznavarro.com\/es\/blog\/migranas-riesgo\/#breadcrumb\"},\"inLanguage\":\"es\",\"potentialAction\":[{\"@type\":\"ReadAction\",\"target\":[\"https:\/\/www.centrescruznavarro.com\/es\/blog\/migranas-riesgo\/\"]}]},{\"@type\":\"ImageObject\",\"inLanguage\":\"es\",\"@id\":\"https:\/\/www.centrescruznavarro.com\/es\/blog\/migranas-riesgo\/#primaryimage\",\"url\":\"https:\/\/www.centrescruznavarro.com\/wp-content\/uploads\/2020\/06\/migran\u0303as.png\",\"contentUrl\":\"https:\/\/www.centrescruznavarro.com\/wp-content\/uploads\/2020\/06\/migran\u0303as.png\",\"width\":1080,\"height\":480,\"caption\":\"migran\u0303as\"},{\"@type\":\"BreadcrumbList\",\"@id\":\"https:\/\/www.centrescruznavarro.com\/es\/blog\/migranas-riesgo\/#breadcrumb\",\"itemListElement\":[{\"@type\":\"ListItem\",\"position\":1,\"name\":\"Home\",\"item\":\"https:\/\/www.centrescruznavarro.com\/\"},{\"@type\":\"ListItem\",\"position\":2,\"name\":\"Migra\u00f1as: \u00bfQui\u00e9n tiene mayor riesgo?\"}]},{\"@type\":\"WebSite\",\"@id\":\"https:\/\/www.centrescruznavarro.com\/#website\",\"url\":\"https:\/\/www.centrescruznavarro.com\/\",\"name\":\"Centres Cruz Navarro\",\"description\":\"Centres de Rehabilitaci\u00f3 Cruz Navarro Barcelona\",\"publisher\":{\"@id\":\"https:\/\/www.centrescruznavarro.com\/#organization\"},\"potentialAction\":[{\"@type\":\"SearchAction\",\"target\":{\"@type\":\"EntryPoint\",\"urlTemplate\":\"https:\/\/www.centrescruznavarro.com\/?s={search_term_string}\"},\"query-input\":{\"@type\":\"PropertyValueSpecification\",\"valueRequired\":true,\"valueName\":\"search_term_string\"}}],\"inLanguage\":\"es\"},{\"@type\":\"Organization\",\"@id\":\"https:\/\/www.centrescruznavarro.com\/#organization\",\"name\":\"Centres Cruz Navarro\",\"url\":\"https:\/\/www.centrescruznavarro.com\/\",\"logo\":{\"@type\":\"ImageObject\",\"inLanguage\":\"es\",\"@id\":\"https:\/\/www.centrescruznavarro.com\/#\/schema\/logo\/image\/\",\"url\":\"https:\/\/www.centrescruznavarro.com\/wp-content\/uploads\/2024\/07\/logo-centres-cruz-navarro.png\",\"contentUrl\":\"https:\/\/www.centrescruznavarro.com\/wp-content\/uploads\/2024\/07\/logo-centres-cruz-navarro.png\",\"width\":1326,\"height\":338,\"caption\":\"Centres Cruz Navarro\"},\"image\":{\"@id\":\"https:\/\/www.centrescruznavarro.com\/#\/schema\/logo\/image\/\"}},{\"@type\":\"Person\",\"@id\":\"https:\/\/www.centrescruznavarro.com\/#\/schema\/person\/4d984aa0a5311fb2ffccb3707708a291\",\"name\":\"Centres Cruz Navarro\",\"image\":{\"@type\":\"ImageObject\",\"inLanguage\":\"es\",\"@id\":\"https:\/\/www.centrescruznavarro.com\/#\/schema\/person\/image\/\",\"url\":\"https:\/\/www.centrescruznavarro.com\/wp-content\/litespeed\/avatar\/49cd8931e1b0ff715b62ea58ad820808.jpg?ver=1776844647\",\"contentUrl\":\"https:\/\/www.centrescruznavarro.com\/wp-content\/litespeed\/avatar\/49cd8931e1b0ff715b62ea58ad820808.jpg?ver=1776844647\",\"caption\":\"Centres Cruz Navarro\"},\"sameAs\":[\"http:\/\/pre.centrescruznavarro.com\"],\"url\":\"https:\/\/www.centrescruznavarro.com\/es\/blog\/author\/dev\/\"}]}<\/script>\n<!-- \/ Yoast SEO plugin. -->","yoast_head_json":{"title":"Migra\u00f1as: \u00bfQui\u00e9n tiene mayor riesgo?","description":"En Centres Cruz Navarro llevamos a\u00f1os tratando esta molesta dolencia y aliviando los trastornos que ocasionan las migra\u00f1as.","robots":{"index":"index","follow":"follow","max-snippet":"max-snippet:-1","max-image-preview":"max-image-preview:large","max-video-preview":"max-video-preview:-1"},"canonical":"https:\/\/www.centrescruznavarro.com\/es\/blog\/migranas-riesgo\/","og_locale":"es_ES","og_type":"article","og_title":"Migra\u00f1as: \u00bfQui\u00e9n tiene mayor riesgo?","og_description":"En Centres Cruz Navarro llevamos a\u00f1os tratando esta molesta dolencia y aliviando los trastornos que ocasionan las migra\u00f1as.","og_url":"https:\/\/www.centrescruznavarro.com\/es\/blog\/migranas-riesgo\/","og_site_name":"Centres Cruz Navarro","article_published_time":"2020-06-03T04:00:00+00:00","og_image":[{"width":1080,"height":480,"url":"https:\/\/www.centrescruznavarro.com\/wp-content\/uploads\/2020\/06\/migran\u0303as.png","type":"image\/png"}],"author":"Centres Cruz Navarro","twitter_card":"summary_large_image","twitter_misc":{"Escrito por":"Centres Cruz Navarro","Tiempo de lectura":"4 minutos"},"schema":{"@context":"https:\/\/schema.org","@graph":[{"@type":"Article","@id":"https:\/\/www.centrescruznavarro.com\/es\/blog\/migranas-riesgo\/#article","isPartOf":{"@id":"https:\/\/www.centrescruznavarro.com\/es\/blog\/migranas-riesgo\/"},"author":{"name":"Centres Cruz Navarro","@id":"https:\/\/www.centrescruznavarro.com\/#\/schema\/person\/4d984aa0a5311fb2ffccb3707708a291"},"headline":"Migra\u00f1as: \u00bfQui\u00e9n tiene mayor riesgo?","datePublished":"2020-06-03T04:00:00+00:00","mainEntityOfPage":{"@id":"https:\/\/www.centrescruznavarro.com\/es\/blog\/migranas-riesgo\/"},"wordCount":750,"commentCount":0,"publisher":{"@id":"https:\/\/www.centrescruznavarro.com\/#organization"},"image":{"@id":"https:\/\/www.centrescruznavarro.com\/es\/blog\/migranas-riesgo\/#primaryimage"},"thumbnailUrl":"https:\/\/www.centrescruznavarro.com\/wp-content\/uploads\/2020\/06\/migran\u0303as.png","articleSection":["Bienestar"],"inLanguage":"es","potentialAction":[{"@type":"CommentAction","name":"Comment","target":["https:\/\/www.centrescruznavarro.com\/es\/blog\/migranas-riesgo\/#respond"]}]},{"@type":"WebPage","@id":"https:\/\/www.centrescruznavarro.com\/es\/blog\/migranas-riesgo\/","url":"https:\/\/www.centrescruznavarro.com\/es\/blog\/migranas-riesgo\/","name":"Migra\u00f1as: \u00bfQui\u00e9n tiene mayor riesgo?","isPartOf":{"@id":"https:\/\/www.centrescruznavarro.com\/#website"},"primaryImageOfPage":{"@id":"https:\/\/www.centrescruznavarro.com\/es\/blog\/migranas-riesgo\/#primaryimage"},"image":{"@id":"https:\/\/www.centrescruznavarro.com\/es\/blog\/migranas-riesgo\/#primaryimage"},"thumbnailUrl":"https:\/\/www.centrescruznavarro.com\/wp-content\/uploads\/2020\/06\/migran\u0303as.png","datePublished":"2020-06-03T04:00:00+00:00","description":"En Centres Cruz Navarro llevamos a\u00f1os tratando esta molesta dolencia y aliviando los trastornos que ocasionan las migra\u00f1as.","breadcrumb":{"@id":"https:\/\/www.centrescruznavarro.com\/es\/blog\/migranas-riesgo\/#breadcrumb"},"inLanguage":"es","potentialAction":[{"@type":"ReadAction","target":["https:\/\/www.centrescruznavarro.com\/es\/blog\/migranas-riesgo\/"]}]},{"@type":"ImageObject","inLanguage":"es","@id":"https:\/\/www.centrescruznavarro.com\/es\/blog\/migranas-riesgo\/#primaryimage","url":"https:\/\/www.centrescruznavarro.com\/wp-content\/uploads\/2020\/06\/migran\u0303as.png","contentUrl":"https:\/\/www.centrescruznavarro.com\/wp-content\/uploads\/2020\/06\/migran\u0303as.png","width":1080,"height":480,"caption":"migran\u0303as"},{"@type":"BreadcrumbList","@id":"https:\/\/www.centrescruznavarro.com\/es\/blog\/migranas-riesgo\/#breadcrumb","itemListElement":[{"@type":"ListItem","position":1,"name":"Home","item":"https:\/\/www.centrescruznavarro.com\/"},{"@type":"ListItem","position":2,"name":"Migra\u00f1as: \u00bfQui\u00e9n tiene mayor riesgo?"}]},{"@type":"WebSite","@id":"https:\/\/www.centrescruznavarro.com\/#website","url":"https:\/\/www.centrescruznavarro.com\/","name":"Centres Cruz Navarro","description":"Centres de Rehabilitaci\u00f3 Cruz Navarro Barcelona","publisher":{"@id":"https:\/\/www.centrescruznavarro.com\/#organization"},"potentialAction":[{"@type":"SearchAction","target":{"@type":"EntryPoint","urlTemplate":"https:\/\/www.centrescruznavarro.com\/?s={search_term_string}"},"query-input":{"@type":"PropertyValueSpecification","valueRequired":true,"valueName":"search_term_string"}}],"inLanguage":"es"},{"@type":"Organization","@id":"https:\/\/www.centrescruznavarro.com\/#organization","name":"Centres Cruz Navarro","url":"https:\/\/www.centrescruznavarro.com\/","logo":{"@type":"ImageObject","inLanguage":"es","@id":"https:\/\/www.centrescruznavarro.com\/#\/schema\/logo\/image\/","url":"https:\/\/www.centrescruznavarro.com\/wp-content\/uploads\/2024\/07\/logo-centres-cruz-navarro.png","contentUrl":"https:\/\/www.centrescruznavarro.com\/wp-content\/uploads\/2024\/07\/logo-centres-cruz-navarro.png","width":1326,"height":338,"caption":"Centres Cruz Navarro"},"image":{"@id":"https:\/\/www.centrescruznavarro.com\/#\/schema\/logo\/image\/"}},{"@type":"Person","@id":"https:\/\/www.centrescruznavarro.com\/#\/schema\/person\/4d984aa0a5311fb2ffccb3707708a291","name":"Centres Cruz Navarro","image":{"@type":"ImageObject","inLanguage":"es","@id":"https:\/\/www.centrescruznavarro.com\/#\/schema\/person\/image\/","url":"https:\/\/www.centrescruznavarro.com\/wp-content\/litespeed\/avatar\/49cd8931e1b0ff715b62ea58ad820808.jpg?ver=1776844647","contentUrl":"https:\/\/www.centrescruznavarro.com\/wp-content\/litespeed\/avatar\/49cd8931e1b0ff715b62ea58ad820808.jpg?ver=1776844647","caption":"Centres Cruz Navarro"},"sameAs":["http:\/\/pre.centrescruznavarro.com"],"url":"https:\/\/www.centrescruznavarro.com\/es\/blog\/author\/dev\/"}]}},"_links":{"self":[{"href":"https:\/\/www.centrescruznavarro.com\/es\/wp-json\/wp\/v2\/posts\/3397","targetHints":{"allow":["GET"]}}],"collection":[{"href":"https:\/\/www.centrescruznavarro.com\/es\/wp-json\/wp\/v2\/posts"}],"about":[{"href":"https:\/\/www.centrescruznavarro.com\/es\/wp-json\/wp\/v2\/types\/post"}],"author":[{"embeddable":true,"href":"https:\/\/www.centrescruznavarro.com\/es\/wp-json\/wp\/v2\/users\/1"}],"replies":[{"embeddable":true,"href":"https:\/\/www.centrescruznavarro.com\/es\/wp-json\/wp\/v2\/comments?post=3397"}],"version-history":[{"count":0,"href":"https:\/\/www.centrescruznavarro.com\/es\/wp-json\/wp\/v2\/posts\/3397\/revisions"}],"wp:featuredmedia":[{"embeddable":true,"href":"https:\/\/www.centrescruznavarro.com\/es\/wp-json\/wp\/v2\/media\/3398"}],"wp:attachment":[{"href":"https:\/\/www.centrescruznavarro.com\/es\/wp-json\/wp\/v2\/media?parent=3397"}],"wp:term":[{"taxonomy":"category","embeddable":true,"href":"https:\/\/www.centrescruznavarro.com\/es\/wp-json\/wp\/v2\/categories?post=3397"},{"taxonomy":"post_tag","embeddable":true,"href":"https:\/\/www.centrescruznavarro.com\/es\/wp-json\/wp\/v2\/tags?post=3397"}],"curies":[{"name":"wp","href":"https:\/\/api.w.org\/{rel}","templated":true}]}}