{"id":3361,"date":"2020-12-02T06:00:00","date_gmt":"2020-12-02T05:00:00","guid":{"rendered":"http:\/\/www.centrescruznavarro.com\/?p=6535"},"modified":"2020-12-02T06:00:00","modified_gmt":"2020-12-02T05:00:00","slug":"discapacidad-fisica-fisioterapia","status":"publish","type":"post","link":"https:\/\/www.centrescruznavarro.com\/es\/blog\/discapacidad-fisica-fisioterapia\/","title":{"rendered":"Discapacidad f\u00edsica: La fisioterapia como apoyo"},"content":{"rendered":"\n<p>Cada d\u00eda 3 de diciembre desde 1992 se conmemora el D\u00eda internacional de las Personas con Discapacidad para concienciar acerca de la situaci\u00f3n de las personas afectadas por alg\u00fan tipo de discapacidad, buscar medidas a la acci\u00f3n para mejorar su calidad de vida y conseguir su igualdad de oportunidades y mayor integraci\u00f3n social. Con motivo de este d\u00eda, desde <strong>Centres Cruz Navarro, expertos en Rehabilitaci\u00f3n en Barcelona<\/strong>, os contamos c\u00f3mo la fisioterapia puede ser un apoyo en los casos de <strong>discapacidad f\u00edsica<\/strong>, no solo a nivel corporal, sino tambi\u00e9n emocional y cognitivo.<\/p>\n\n\n\n<h2 class=\"wp-block-heading\"><strong>\u00bfPor qu\u00e9 es importante la fisioterapia en el cuidado de personas afectadas por una discapacidad f\u00edsica?<\/strong><\/h2>\n\n\n\n<p>Aunque las lesiones o enfermedades que puedan afectar a los movimientos o capacidades f\u00edsicas del afectado puedan ser cong\u00e9nitas o sobrevenidas, de diversa gravedad, y debidas a m\u00faltiples causas, la persona con discapacidad f\u00edsica debe enfrentarse de forma distinta a los obst\u00e1culos que le rodean, adaptarse a su situaci\u00f3n o retomar poco a poco su estado anterior.<\/p>\n\n\n\n<h3 class=\"wp-block-heading\"><strong>Beneficios f\u00edsicos<\/strong><\/h3>\n\n\n\n<p>La fisioterapia ocupa un puesto muy importante en la atenci\u00f3n de la discapacidad f\u00edsica, tanto que esta se incluye en la ley de Atenci\u00f3n a las Personas en Dependencia y Promoci\u00f3n de la Autonom\u00eda Personal.<\/p>\n\n\n\n<p>Su importancia reside en el hecho de que la terapia f\u00edsica tiene como objetivo mantener y aumentar la salud, rehabilitar y aumentar la calidad de vida de la persona con discapacidad.<\/p>\n\n\n\n<p>Adem\u00e1s, la fisioterapia no es solo importante como tratamiento terap\u00e9utico, sino tambi\u00e9n como m\u00e9todo de prevenci\u00f3n de complicaciones y lesiones y c\u00f3mo mantenimiento del estado f\u00edsico.<\/p>\n\n\n\n<p>Las t\u00e9cnicas de tratamiento y objetivos depender\u00e1n del tipo y gravedad de la lesi\u00f3n. Por ejemplo, una persona con tetraplejia puede no volver a poder caminar o moverse pero es necesario que realice ejercicios y movimientos con ayuda para evitar la atrofia muscular.<\/p>\n\n\n\n<p>Por otra parte, por ejemplo, si la lesi\u00f3n es reversible, como una discapacidad f\u00edsica producida por un accidente automovil\u00edstico, el objetivo de la terapia ser\u00e1 adquirir fuerza, mejorar la coordinaci\u00f3n, mantener la masa muscular y retomar la marcha.<\/p>\n\n\n\n<h3 class=\"wp-block-heading\"><strong>Beneficios emocionales y cognitivos<\/strong><\/h3>\n\n\n\n<p>Aunque la referencia a la terapia f\u00edsica traslade generalmente a pensar en sus beneficios f\u00edsicos, lo cierto es que tambi\u00e9n es fundamental en el cuidado y apoyo emocional y cognitivo de la persona.<\/p>\n\n\n\n<p>Las personas con discapacidad f\u00edsica, debido a esta situaci\u00f3n, pueden sentirse limitadas o frustradas, tender a aislarse, abandonarse o deprimirse. En el caso de personas mayores y ni\u00f1os, especialmente, adem\u00e1s, esto puede afectar a su desarrollo y mantenimiento cognitivo, puesto que la motricidad es fundamental para el aprendizaje y la memoria.<\/p>\n\n\n\n<p>El fisioterapeuta, por lo tanto, no es un mero procurador del bienestar f\u00edsico, sino tambi\u00e9n un punto de apoyo emocional, que debe empatizar, educar y motivar al paciente y velar por la consecuci\u00f3n de su integraci\u00f3n, su autonom\u00eda y su calidad de vida en todos los \u00e1mbitos.<\/p>\n\n\n\n<h2 class=\"wp-block-heading\"><strong>\u00bfCu\u00e1ndo se recomienda el uso de la fisioterapia en casos de discapacidad f\u00edsica?<\/strong><\/h2>\n\n\n\n<p>La fisioterapia y la rehabilitaci\u00f3n se recomiendan cuando existen problemas para realizar las actividades diarias de forma aut\u00f3noma, generalmente debido a enfermedades o lesiones musculares, neurodegenerativas o de dificultades en el desarrollo motor, como por ejemplo, las siguientes:<\/p>\n\n\n\n<ul class=\"wp-block-list\"><li>Par\u00e1lisis cerebral.<\/li><li>Lesiones medulares.<\/li><li>Traumatismos craneoencef\u00e1licos.<\/li><li>Trastornos gen\u00e9ticos.<\/li><li>Enfermedades degenerativas.<\/li><li>Amputaciones.<\/li><\/ul>\n\n\n\n<p>Si dese\u00e1is saber m\u00e1s acerca de la fisioterapia o conocer nuestros servicios, os invitamos a consultar nuestra web y blog y a <a href=\"http:\/\/www.centrescruznavarro.com\/es\/contacto\/\"><strong>poneros en contacto con nosotros<\/strong><\/a> sin compromiso.<\/p>\n","protected":false},"excerpt":{"rendered":"<p>Cada d\u00eda 3 de diciembre desde 1992 se conmemora el D\u00eda internacional de las Personas con Discapacidad para concienciar acerca de la situaci\u00f3n de las personas afectadas por alg\u00fan tipo de discapacidad, buscar medidas a la acci\u00f3n para mejorar su [&hellip;]<\/p>\n","protected":false},"author":1,"featured_media":3362,"comment_status":"open","ping_status":"open","sticky":false,"template":"","format":"standard","meta":{"site-sidebar-layout":"default","site-content-layout":"","ast-site-content-layout":"","site-content-style":"default","site-sidebar-style":"default","ast-global-header-display":"","ast-banner-title-visibility":"","ast-main-header-display":"","ast-hfb-above-header-display":"","ast-hfb-below-header-display":"","ast-hfb-mobile-header-display":"","site-post-title":"","ast-breadcrumbs-content":"","ast-featured-img":"","footer-sml-layout":"","theme-transparent-header-meta":"","adv-header-id-meta":"","stick-header-meta":"","header-above-stick-meta":"","header-main-stick-meta":"","header-below-stick-meta":"","astra-migrate-meta-layouts":"default","ast-page-background-enabled":"default","ast-page-background-meta":{"desktop":{"background-color":"","background-image":"","background-repeat":"repeat","background-position":"center center","background-size":"auto","background-attachment":"scroll","background-type":"","background-media":"","overlay-type":"","overlay-color":"","overlay-opacity":"","overlay-gradient":""},"tablet":{"background-color":"","background-image":"","background-repeat":"repeat","background-position":"center center","background-size":"auto","background-attachment":"scroll","background-type":"","background-media":"","overlay-type":"","overlay-color":"","overlay-opacity":"","overlay-gradient":""},"mobile":{"background-color":"","background-image":"","background-repeat":"repeat","background-position":"center center","background-size":"auto","background-attachment":"scroll","background-type":"","background-media":"","overlay-type":"","overlay-color":"","overlay-opacity":"","overlay-gradient":""}},"ast-content-background-meta":{"desktop":{"background-color":"var(--ast-global-color-5)","background-image":"","background-repeat":"repeat","background-position":"center center","background-size":"auto","background-attachment":"scroll","background-type":"","background-media":"","overlay-type":"","overlay-color":"","overlay-opacity":"","overlay-gradient":""},"tablet":{"background-color":"var(--ast-global-color-5)","background-image":"","background-repeat":"repeat","background-position":"center center","background-size":"auto","background-attachment":"scroll","background-type":"","background-media":"","overlay-type":"","overlay-color":"","overlay-opacity":"","overlay-gradient":""},"mobile":{"background-color":"var(--ast-global-color-5)","background-image":"","background-repeat":"repeat","background-position":"center center","background-size":"auto","background-attachment":"scroll","background-type":"","background-media":"","overlay-type":"","overlay-color":"","overlay-opacity":"","overlay-gradient":""}},"footnotes":""},"categories":[35],"tags":[],"class_list":["post-3361","post","type-post","status-publish","format-standard","has-post-thumbnail","hentry","category-bienestar"],"yoast_head":"<!-- This site is optimized with the Yoast SEO plugin v25.0 - https:\/\/yoast.com\/wordpress\/plugins\/seo\/ -->\n<title>Discapacidad f\u00edsica: La fisioterapia como apoyo<\/title>\n<meta name=\"description\" content=\"Desde Centres Cruz Navarro, expertos en rehabilitaci\u00f3n, os contamos c\u00f3mo la fisioterapia puede ser un apoyo en los casos de discapacidad f\u00edsica.\" \/>\n<meta name=\"robots\" content=\"index, follow, max-snippet:-1, max-image-preview:large, max-video-preview:-1\" \/>\n<link rel=\"canonical\" href=\"https:\/\/www.centrescruznavarro.com\/es\/blog\/discapacidad-fisica-fisioterapia\/\" \/>\n<meta property=\"og:locale\" content=\"es_ES\" \/>\n<meta property=\"og:type\" content=\"article\" \/>\n<meta property=\"og:title\" content=\"Discapacidad f\u00edsica: La fisioterapia como apoyo\" \/>\n<meta property=\"og:description\" content=\"Desde Centres Cruz Navarro, expertos en rehabilitaci\u00f3n, os contamos c\u00f3mo la fisioterapia puede ser un apoyo en los casos de discapacidad f\u00edsica.\" \/>\n<meta property=\"og:url\" content=\"https:\/\/www.centrescruznavarro.com\/es\/blog\/discapacidad-fisica-fisioterapia\/\" \/>\n<meta property=\"og:site_name\" content=\"Centres Cruz Navarro\" \/>\n<meta property=\"article:published_time\" content=\"2020-12-02T05:00:00+00:00\" \/>\n<meta property=\"og:image\" content=\"https:\/\/www.centrescruznavarro.com\/wp-content\/uploads\/2020\/12\/discapacidad-fi\u0301sica-fisioterapia.jpg\" \/>\n\t<meta property=\"og:image:width\" content=\"1080\" \/>\n\t<meta property=\"og:image:height\" content=\"480\" \/>\n\t<meta property=\"og:image:type\" content=\"image\/jpeg\" \/>\n<meta name=\"author\" content=\"Centres Cruz Navarro\" \/>\n<meta name=\"twitter:card\" content=\"summary_large_image\" \/>\n<meta name=\"twitter:label1\" content=\"Escrito por\" \/>\n\t<meta name=\"twitter:data1\" content=\"Centres Cruz Navarro\" \/>\n\t<meta name=\"twitter:label2\" content=\"Tiempo de lectura\" \/>\n\t<meta name=\"twitter:data2\" content=\"3 minutos\" \/>\n<script type=\"application\/ld+json\" class=\"yoast-schema-graph\">{\"@context\":\"https:\/\/schema.org\",\"@graph\":[{\"@type\":\"Article\",\"@id\":\"https:\/\/www.centrescruznavarro.com\/es\/blog\/discapacidad-fisica-fisioterapia\/#article\",\"isPartOf\":{\"@id\":\"https:\/\/www.centrescruznavarro.com\/es\/blog\/discapacidad-fisica-fisioterapia\/\"},\"author\":{\"name\":\"Centres Cruz Navarro\",\"@id\":\"https:\/\/www.centrescruznavarro.com\/#\/schema\/person\/4d984aa0a5311fb2ffccb3707708a291\"},\"headline\":\"Discapacidad f\u00edsica: La fisioterapia como apoyo\",\"datePublished\":\"2020-12-02T05:00:00+00:00\",\"mainEntityOfPage\":{\"@id\":\"https:\/\/www.centrescruznavarro.com\/es\/blog\/discapacidad-fisica-fisioterapia\/\"},\"wordCount\":631,\"commentCount\":0,\"publisher\":{\"@id\":\"https:\/\/www.centrescruznavarro.com\/#organization\"},\"image\":{\"@id\":\"https:\/\/www.centrescruznavarro.com\/es\/blog\/discapacidad-fisica-fisioterapia\/#primaryimage\"},\"thumbnailUrl\":\"https:\/\/www.centrescruznavarro.com\/wp-content\/uploads\/2020\/12\/discapacidad-fi\u0301sica-fisioterapia.jpg\",\"articleSection\":[\"Bienestar\"],\"inLanguage\":\"es\",\"potentialAction\":[{\"@type\":\"CommentAction\",\"name\":\"Comment\",\"target\":[\"https:\/\/www.centrescruznavarro.com\/es\/blog\/discapacidad-fisica-fisioterapia\/#respond\"]}]},{\"@type\":\"WebPage\",\"@id\":\"https:\/\/www.centrescruznavarro.com\/es\/blog\/discapacidad-fisica-fisioterapia\/\",\"url\":\"https:\/\/www.centrescruznavarro.com\/es\/blog\/discapacidad-fisica-fisioterapia\/\",\"name\":\"Discapacidad f\u00edsica: La fisioterapia como apoyo\",\"isPartOf\":{\"@id\":\"https:\/\/www.centrescruznavarro.com\/#website\"},\"primaryImageOfPage\":{\"@id\":\"https:\/\/www.centrescruznavarro.com\/es\/blog\/discapacidad-fisica-fisioterapia\/#primaryimage\"},\"image\":{\"@id\":\"https:\/\/www.centrescruznavarro.com\/es\/blog\/discapacidad-fisica-fisioterapia\/#primaryimage\"},\"thumbnailUrl\":\"https:\/\/www.centrescruznavarro.com\/wp-content\/uploads\/2020\/12\/discapacidad-fi\u0301sica-fisioterapia.jpg\",\"datePublished\":\"2020-12-02T05:00:00+00:00\",\"description\":\"Desde Centres Cruz Navarro, expertos en rehabilitaci\u00f3n, os contamos c\u00f3mo la fisioterapia puede ser un apoyo en los casos de discapacidad f\u00edsica.\",\"breadcrumb\":{\"@id\":\"https:\/\/www.centrescruznavarro.com\/es\/blog\/discapacidad-fisica-fisioterapia\/#breadcrumb\"},\"inLanguage\":\"es\",\"potentialAction\":[{\"@type\":\"ReadAction\",\"target\":[\"https:\/\/www.centrescruznavarro.com\/es\/blog\/discapacidad-fisica-fisioterapia\/\"]}]},{\"@type\":\"ImageObject\",\"inLanguage\":\"es\",\"@id\":\"https:\/\/www.centrescruznavarro.com\/es\/blog\/discapacidad-fisica-fisioterapia\/#primaryimage\",\"url\":\"https:\/\/www.centrescruznavarro.com\/wp-content\/uploads\/2020\/12\/discapacidad-fi\u0301sica-fisioterapia.jpg\",\"contentUrl\":\"https:\/\/www.centrescruznavarro.com\/wp-content\/uploads\/2020\/12\/discapacidad-fi\u0301sica-fisioterapia.jpg\",\"width\":1080,\"height\":480,\"caption\":\"discapacidad fi\u0301sica fisioterapia\"},{\"@type\":\"BreadcrumbList\",\"@id\":\"https:\/\/www.centrescruznavarro.com\/es\/blog\/discapacidad-fisica-fisioterapia\/#breadcrumb\",\"itemListElement\":[{\"@type\":\"ListItem\",\"position\":1,\"name\":\"Home\",\"item\":\"https:\/\/www.centrescruznavarro.com\/\"},{\"@type\":\"ListItem\",\"position\":2,\"name\":\"Discapacidad f\u00edsica: La fisioterapia como apoyo\"}]},{\"@type\":\"WebSite\",\"@id\":\"https:\/\/www.centrescruznavarro.com\/#website\",\"url\":\"https:\/\/www.centrescruznavarro.com\/\",\"name\":\"Centres Cruz Navarro\",\"description\":\"Centres de Rehabilitaci\u00f3 Cruz Navarro Barcelona\",\"publisher\":{\"@id\":\"https:\/\/www.centrescruznavarro.com\/#organization\"},\"potentialAction\":[{\"@type\":\"SearchAction\",\"target\":{\"@type\":\"EntryPoint\",\"urlTemplate\":\"https:\/\/www.centrescruznavarro.com\/?s={search_term_string}\"},\"query-input\":{\"@type\":\"PropertyValueSpecification\",\"valueRequired\":true,\"valueName\":\"search_term_string\"}}],\"inLanguage\":\"es\"},{\"@type\":\"Organization\",\"@id\":\"https:\/\/www.centrescruznavarro.com\/#organization\",\"name\":\"Centres Cruz Navarro\",\"url\":\"https:\/\/www.centrescruznavarro.com\/\",\"logo\":{\"@type\":\"ImageObject\",\"inLanguage\":\"es\",\"@id\":\"https:\/\/www.centrescruznavarro.com\/#\/schema\/logo\/image\/\",\"url\":\"https:\/\/www.centrescruznavarro.com\/wp-content\/uploads\/2024\/07\/logo-centres-cruz-navarro.png\",\"contentUrl\":\"https:\/\/www.centrescruznavarro.com\/wp-content\/uploads\/2024\/07\/logo-centres-cruz-navarro.png\",\"width\":1326,\"height\":338,\"caption\":\"Centres Cruz Navarro\"},\"image\":{\"@id\":\"https:\/\/www.centrescruznavarro.com\/#\/schema\/logo\/image\/\"}},{\"@type\":\"Person\",\"@id\":\"https:\/\/www.centrescruznavarro.com\/#\/schema\/person\/4d984aa0a5311fb2ffccb3707708a291\",\"name\":\"Centres Cruz Navarro\",\"image\":{\"@type\":\"ImageObject\",\"inLanguage\":\"es\",\"@id\":\"https:\/\/www.centrescruznavarro.com\/#\/schema\/person\/image\/\",\"url\":\"https:\/\/www.centrescruznavarro.com\/wp-content\/litespeed\/avatar\/49cd8931e1b0ff715b62ea58ad820808.jpg?ver=1777450160\",\"contentUrl\":\"https:\/\/www.centrescruznavarro.com\/wp-content\/litespeed\/avatar\/49cd8931e1b0ff715b62ea58ad820808.jpg?ver=1777450160\",\"caption\":\"Centres Cruz Navarro\"},\"sameAs\":[\"http:\/\/pre.centrescruznavarro.com\"],\"url\":\"https:\/\/www.centrescruznavarro.com\/es\/blog\/author\/dev\/\"}]}<\/script>\n<!-- \/ Yoast SEO plugin. -->","yoast_head_json":{"title":"Discapacidad f\u00edsica: La fisioterapia como apoyo","description":"Desde Centres Cruz Navarro, expertos en rehabilitaci\u00f3n, os contamos c\u00f3mo la fisioterapia puede ser un apoyo en los casos de discapacidad f\u00edsica.","robots":{"index":"index","follow":"follow","max-snippet":"max-snippet:-1","max-image-preview":"max-image-preview:large","max-video-preview":"max-video-preview:-1"},"canonical":"https:\/\/www.centrescruznavarro.com\/es\/blog\/discapacidad-fisica-fisioterapia\/","og_locale":"es_ES","og_type":"article","og_title":"Discapacidad f\u00edsica: La fisioterapia como apoyo","og_description":"Desde Centres Cruz Navarro, expertos en rehabilitaci\u00f3n, os contamos c\u00f3mo la fisioterapia puede ser un apoyo en los casos de discapacidad f\u00edsica.","og_url":"https:\/\/www.centrescruznavarro.com\/es\/blog\/discapacidad-fisica-fisioterapia\/","og_site_name":"Centres Cruz Navarro","article_published_time":"2020-12-02T05:00:00+00:00","og_image":[{"width":1080,"height":480,"url":"https:\/\/www.centrescruznavarro.com\/wp-content\/uploads\/2020\/12\/discapacidad-fi\u0301sica-fisioterapia.jpg","type":"image\/jpeg"}],"author":"Centres Cruz Navarro","twitter_card":"summary_large_image","twitter_misc":{"Escrito por":"Centres Cruz Navarro","Tiempo de lectura":"3 minutos"},"schema":{"@context":"https:\/\/schema.org","@graph":[{"@type":"Article","@id":"https:\/\/www.centrescruznavarro.com\/es\/blog\/discapacidad-fisica-fisioterapia\/#article","isPartOf":{"@id":"https:\/\/www.centrescruznavarro.com\/es\/blog\/discapacidad-fisica-fisioterapia\/"},"author":{"name":"Centres Cruz Navarro","@id":"https:\/\/www.centrescruznavarro.com\/#\/schema\/person\/4d984aa0a5311fb2ffccb3707708a291"},"headline":"Discapacidad f\u00edsica: La fisioterapia como apoyo","datePublished":"2020-12-02T05:00:00+00:00","mainEntityOfPage":{"@id":"https:\/\/www.centrescruznavarro.com\/es\/blog\/discapacidad-fisica-fisioterapia\/"},"wordCount":631,"commentCount":0,"publisher":{"@id":"https:\/\/www.centrescruznavarro.com\/#organization"},"image":{"@id":"https:\/\/www.centrescruznavarro.com\/es\/blog\/discapacidad-fisica-fisioterapia\/#primaryimage"},"thumbnailUrl":"https:\/\/www.centrescruznavarro.com\/wp-content\/uploads\/2020\/12\/discapacidad-fi\u0301sica-fisioterapia.jpg","articleSection":["Bienestar"],"inLanguage":"es","potentialAction":[{"@type":"CommentAction","name":"Comment","target":["https:\/\/www.centrescruznavarro.com\/es\/blog\/discapacidad-fisica-fisioterapia\/#respond"]}]},{"@type":"WebPage","@id":"https:\/\/www.centrescruznavarro.com\/es\/blog\/discapacidad-fisica-fisioterapia\/","url":"https:\/\/www.centrescruznavarro.com\/es\/blog\/discapacidad-fisica-fisioterapia\/","name":"Discapacidad f\u00edsica: La fisioterapia como apoyo","isPartOf":{"@id":"https:\/\/www.centrescruznavarro.com\/#website"},"primaryImageOfPage":{"@id":"https:\/\/www.centrescruznavarro.com\/es\/blog\/discapacidad-fisica-fisioterapia\/#primaryimage"},"image":{"@id":"https:\/\/www.centrescruznavarro.com\/es\/blog\/discapacidad-fisica-fisioterapia\/#primaryimage"},"thumbnailUrl":"https:\/\/www.centrescruznavarro.com\/wp-content\/uploads\/2020\/12\/discapacidad-fi\u0301sica-fisioterapia.jpg","datePublished":"2020-12-02T05:00:00+00:00","description":"Desde Centres Cruz Navarro, expertos en rehabilitaci\u00f3n, os contamos c\u00f3mo la fisioterapia puede ser un apoyo en los casos de discapacidad f\u00edsica.","breadcrumb":{"@id":"https:\/\/www.centrescruznavarro.com\/es\/blog\/discapacidad-fisica-fisioterapia\/#breadcrumb"},"inLanguage":"es","potentialAction":[{"@type":"ReadAction","target":["https:\/\/www.centrescruznavarro.com\/es\/blog\/discapacidad-fisica-fisioterapia\/"]}]},{"@type":"ImageObject","inLanguage":"es","@id":"https:\/\/www.centrescruznavarro.com\/es\/blog\/discapacidad-fisica-fisioterapia\/#primaryimage","url":"https:\/\/www.centrescruznavarro.com\/wp-content\/uploads\/2020\/12\/discapacidad-fi\u0301sica-fisioterapia.jpg","contentUrl":"https:\/\/www.centrescruznavarro.com\/wp-content\/uploads\/2020\/12\/discapacidad-fi\u0301sica-fisioterapia.jpg","width":1080,"height":480,"caption":"discapacidad fi\u0301sica fisioterapia"},{"@type":"BreadcrumbList","@id":"https:\/\/www.centrescruznavarro.com\/es\/blog\/discapacidad-fisica-fisioterapia\/#breadcrumb","itemListElement":[{"@type":"ListItem","position":1,"name":"Home","item":"https:\/\/www.centrescruznavarro.com\/"},{"@type":"ListItem","position":2,"name":"Discapacidad f\u00edsica: La fisioterapia como apoyo"}]},{"@type":"WebSite","@id":"https:\/\/www.centrescruznavarro.com\/#website","url":"https:\/\/www.centrescruznavarro.com\/","name":"Centres Cruz Navarro","description":"Centres de Rehabilitaci\u00f3 Cruz Navarro Barcelona","publisher":{"@id":"https:\/\/www.centrescruznavarro.com\/#organization"},"potentialAction":[{"@type":"SearchAction","target":{"@type":"EntryPoint","urlTemplate":"https:\/\/www.centrescruznavarro.com\/?s={search_term_string}"},"query-input":{"@type":"PropertyValueSpecification","valueRequired":true,"valueName":"search_term_string"}}],"inLanguage":"es"},{"@type":"Organization","@id":"https:\/\/www.centrescruznavarro.com\/#organization","name":"Centres Cruz Navarro","url":"https:\/\/www.centrescruznavarro.com\/","logo":{"@type":"ImageObject","inLanguage":"es","@id":"https:\/\/www.centrescruznavarro.com\/#\/schema\/logo\/image\/","url":"https:\/\/www.centrescruznavarro.com\/wp-content\/uploads\/2024\/07\/logo-centres-cruz-navarro.png","contentUrl":"https:\/\/www.centrescruznavarro.com\/wp-content\/uploads\/2024\/07\/logo-centres-cruz-navarro.png","width":1326,"height":338,"caption":"Centres Cruz Navarro"},"image":{"@id":"https:\/\/www.centrescruznavarro.com\/#\/schema\/logo\/image\/"}},{"@type":"Person","@id":"https:\/\/www.centrescruznavarro.com\/#\/schema\/person\/4d984aa0a5311fb2ffccb3707708a291","name":"Centres Cruz Navarro","image":{"@type":"ImageObject","inLanguage":"es","@id":"https:\/\/www.centrescruznavarro.com\/#\/schema\/person\/image\/","url":"https:\/\/www.centrescruznavarro.com\/wp-content\/litespeed\/avatar\/49cd8931e1b0ff715b62ea58ad820808.jpg?ver=1777450160","contentUrl":"https:\/\/www.centrescruznavarro.com\/wp-content\/litespeed\/avatar\/49cd8931e1b0ff715b62ea58ad820808.jpg?ver=1777450160","caption":"Centres Cruz Navarro"},"sameAs":["http:\/\/pre.centrescruznavarro.com"],"url":"https:\/\/www.centrescruznavarro.com\/es\/blog\/author\/dev\/"}]}},"_links":{"self":[{"href":"https:\/\/www.centrescruznavarro.com\/es\/wp-json\/wp\/v2\/posts\/3361","targetHints":{"allow":["GET"]}}],"collection":[{"href":"https:\/\/www.centrescruznavarro.com\/es\/wp-json\/wp\/v2\/posts"}],"about":[{"href":"https:\/\/www.centrescruznavarro.com\/es\/wp-json\/wp\/v2\/types\/post"}],"author":[{"embeddable":true,"href":"https:\/\/www.centrescruznavarro.com\/es\/wp-json\/wp\/v2\/users\/1"}],"replies":[{"embeddable":true,"href":"https:\/\/www.centrescruznavarro.com\/es\/wp-json\/wp\/v2\/comments?post=3361"}],"version-history":[{"count":0,"href":"https:\/\/www.centrescruznavarro.com\/es\/wp-json\/wp\/v2\/posts\/3361\/revisions"}],"wp:featuredmedia":[{"embeddable":true,"href":"https:\/\/www.centrescruznavarro.com\/es\/wp-json\/wp\/v2\/media\/3362"}],"wp:attachment":[{"href":"https:\/\/www.centrescruznavarro.com\/es\/wp-json\/wp\/v2\/media?parent=3361"}],"wp:term":[{"taxonomy":"category","embeddable":true,"href":"https:\/\/www.centrescruznavarro.com\/es\/wp-json\/wp\/v2\/categories?post=3361"},{"taxonomy":"post_tag","embeddable":true,"href":"https:\/\/www.centrescruznavarro.com\/es\/wp-json\/wp\/v2\/tags?post=3361"}],"curies":[{"name":"wp","href":"https:\/\/api.w.org\/{rel}","templated":true}]}}